{"id":818,"date":"2026-01-30T13:41:16","date_gmt":"2026-01-30T12:41:16","guid":{"rendered":"https:\/\/intrak.szsnz.sk\/?p=818"},"modified":"2026-01-30T14:14:04","modified_gmt":"2026-01-30T13:14:04","slug":"kniznica-ab-beseda-so-spisovatelom-ab-konyvtar-iro-olvaso-talalkozokniznica-ab-beseda-so-spisovatelom","status":"publish","type":"post","link":"https:\/\/intrak.szsnz.sk\/?p=818","title":{"rendered":"Kni\u017enica AB \u2013 beseda so spisovate\u013eom\/AB K\u00f6nyvt\u00e1r &#8211; \u00edr\u00f3-olvas\u00f3 tal\u00e1lkoz\u00f3Kni\u017enica AB \u2013 beseda so spisovate\u013eom\/"},"content":{"rendered":"\n<div class=\"wp-block-columns is-layout-flex wp-container-core-columns-is-layout-1 wp-block-columns-is-layout-flex\">\n<div class=\"wp-block-column is-layout-flow wp-block-column-is-layout-flow\">\n<p class=\"has-text-align-justify\">6. novembra 2025 sa v Kni\u017enici Antona Bernol\u00e1ka v Nov\u00fdch Z\u00e1mkoch (Anton Bernol\u00e1k K\u00f6nyvt\u00e1r, \u00c9rsek\u00fajv\u00e1r) uskuto\u010dnila beseda so spisovate\u013eom, historikom a publicistom Jozefom Leikertom. Autor pri\u0161iel predstavi\u0165 svoju najnov\u0161iu knihu <strong>Viliam G\u00e9rik \u2013 O milos\u0165 som sa nedoprosoval<\/strong>, ktor\u00e1 pribli\u017euje pohnut\u00fd osud rod\u00e1ka z Pal\u00e1rikova.<\/p>\n\n\n\n<p class=\"has-text-align-justify\">Kniha mapuje \u017eivotn\u00fd pr\u00edbeh Viliama G\u00e9rika, mlad\u00e9ho mu\u017ea, ktor\u00fd sa po\u010das druhej svetovej vojny prejavil ve\u013ekou odvahou a akt\u00edvne vyst\u00fapil proti nepriate\u013eovi. Po vojne bol v\u0161ak obvinen\u00fd zo zrady a ods\u00faden\u00fd na trest smrti. A\u017e s \u010dasov\u00fdm odstupom sa uk\u00e1zalo, \u017ee jeho vina bola nadhodnoten\u00e1 a ulo\u017een\u00fd trest nezodpovedal skuto\u010dn\u00fdm okolnostiam pr\u00edpadu. Z\u00e1ver patril \u010d\u00edtaniu rozl\u00fa\u010dkov\u00e9ho listu Viliama G\u00e9rika, nap\u00edsan\u00e9ho hodinu pred popravou na Pankr\u00e1ci.<\/p>\n<\/div>\n\n\n\n<div class=\"wp-block-column is-layout-flow wp-block-column-is-layout-flow\">\n<p class=\"has-text-align-justify\">2025. november 6-\u00e1n az \u00e9rsek\u00fajv\u00e1ri Anton Bernol\u00e1k K\u00f6nyvt\u00e1rban (Kni\u017enica Antona Bernol\u00e1ka v Nov\u00fdch Z\u00e1mkoch) \u00edr\u00f3-olvas\u00f3 tal\u00e1lkoz\u00f3ra ker\u00fclt sor Jozef Leikert \u00edr\u00f3val, t\u00f6rt\u00e9n\u00e9sszel \u00e9s publicist\u00e1val. A szerz\u0151 leg\u00fajabb k\u00f6nyv\u00e9t, \u201e<strong>Viliam G\u00e9rik \u2013 O milos\u0165 som sa nedoprosoval\u201c<\/strong> c\u00edm\u0171 m\u0171v\u00e9t mutatta be, amely a pal\u00e1rikov\u00f3i sz\u00e1rmaz\u00e1s\u00fa Viliam G\u00e9rik megrend\u00edt\u0151 \u00e9let\u00fatj\u00e1t t\u00e1rja az olvas\u00f3k el\u00e9. A k\u00f6nyv Viliam G\u00e9rik \u00e9let\u00e9nek t\u00f6rt\u00e9net\u00e9t dolgozza fel, aki fiatalemberk\u00e9nt a m\u00e1sodik vil\u00e1gh\u00e1bor\u00fa idej\u00e9n nagy b\u00e1tors\u00e1gr\u00f3l tett tan\u00fabizonys\u00e1got, \u00e9s akt\u00edvan fell\u00e9pett az ellens\u00e9ggel szemben. A h\u00e1bor\u00fa ut\u00e1n azonban \u00e1rul\u00e1ssal v\u00e1dolt\u00e1k meg, \u00e9s hal\u00e1lra \u00edt\u00e9lt\u00e9k. Csak \u00e9vekkel k\u00e9s\u0151bb der\u00fclt ki, hogy b\u0171n\u00f6ss\u00e9g\u00e9t elt\u00falozt\u00e1k, \u00e9s az \u00edt\u00e9let nem felelt meg az eset val\u00f3s k\u00f6r\u00fclm\u00e9nyeinek.. A rendezv\u00e9ny z\u00e1r\u00e1sak\u00e9nt elhangzott Viliam G\u00e9rik b\u00facs\u00falevele, amelyet egy \u00f3r\u00e1val a pankr\u00e1ci kiv\u00e9gz\u00e9se el\u0151tt \u00edrt.<\/p>\n<\/div>\n<\/div>\n\n\n<div class=\"sgdg-gallery-container\" data-sgdg-hash=\"8cde384234eeba7954c4a8e7b789894757d5e04834bdb9feabaabeed84287d26\"><div class=\"sgdg-loading\"><div><\/div><\/div><\/div>","protected":false},"excerpt":{"rendered":"<p>6. novembra 2025 sa v Kni\u017enici Antona Bernol\u00e1ka v Nov\u00fdch Z\u00e1mkoch (Anton Bernol\u00e1k K\u00f6nyvt\u00e1r, \u00c9rsek\u00fajv\u00e1r) uskuto\u010dnila beseda so spisovate\u013eom, historikom&hellip;<\/p>\n","protected":false},"author":1,"featured_media":832,"comment_status":"closed","ping_status":"","sticky":false,"template":"","format":"standard","meta":{"_editorskit_title_hidden":false,"_editorskit_reading_time":0,"_editorskit_is_block_options_detached":false,"_editorskit_block_options_position":"{}","footnotes":""},"categories":[115,1],"tags":[],"_links":{"self":[{"href":"https:\/\/intrak.szsnz.sk\/index.php?rest_route=\/wp\/v2\/posts\/818"}],"collection":[{"href":"https:\/\/intrak.szsnz.sk\/index.php?rest_route=\/wp\/v2\/posts"}],"about":[{"href":"https:\/\/intrak.szsnz.sk\/index.php?rest_route=\/wp\/v2\/types\/post"}],"author":[{"embeddable":true,"href":"https:\/\/intrak.szsnz.sk\/index.php?rest_route=\/wp\/v2\/users\/1"}],"replies":[{"embeddable":true,"href":"https:\/\/intrak.szsnz.sk\/index.php?rest_route=%2Fwp%2Fv2%2Fcomments&post=818"}],"version-history":[{"count":3,"href":"https:\/\/intrak.szsnz.sk\/index.php?rest_route=\/wp\/v2\/posts\/818\/revisions"}],"predecessor-version":[{"id":831,"href":"https:\/\/intrak.szsnz.sk\/index.php?rest_route=\/wp\/v2\/posts\/818\/revisions\/831"}],"wp:featuredmedia":[{"embeddable":true,"href":"https:\/\/intrak.szsnz.sk\/index.php?rest_route=\/wp\/v2\/media\/832"}],"wp:attachment":[{"href":"https:\/\/intrak.szsnz.sk\/index.php?rest_route=%2Fwp%2Fv2%2Fmedia&parent=818"}],"wp:term":[{"taxonomy":"category","embeddable":true,"href":"https:\/\/intrak.szsnz.sk\/index.php?rest_route=%2Fwp%2Fv2%2Fcategories&post=818"},{"taxonomy":"post_tag","embeddable":true,"href":"https:\/\/intrak.szsnz.sk\/index.php?rest_route=%2Fwp%2Fv2%2Ftags&post=818"}],"curies":[{"name":"wp","href":"https:\/\/api.w.org\/{rel}","templated":true}]}}